{"id":10732,"date":"2024-01-25T16:29:26","date_gmt":"2024-01-25T16:29:26","guid":{"rendered":"https:\/\/www.cinemaemusica.it\/cinemaemusica\/?p=10732"},"modified":"2024-01-25T16:29:26","modified_gmt":"2024-01-25T16:29:26","slug":"lordine-del-tempo-di-liliana-cavani","status":"publish","type":"post","link":"https:\/\/www.cinemaemusica.it\/cinemaemusica\/2024\/01\/25\/lordine-del-tempo-di-liliana-cavani\/","title":{"rendered":"L&#8217;ordine del tempo di Liliana Cavani."},"content":{"rendered":"<p>L\u2019Ordine del tempo.,<\/p>\n<p>\u201cL\u2019ordine del tempo\u201d firmato da Liliana Cavani \u00a0ma tratto dal saggio omonimo di Carlo Rovelli,\u00e8 intrepretato da un cast d\u2019eccezione composto da:\u201dCaudia Gerini, Alessandro Gassman, Ksenia Rappoport, Valentina Cervi, \u00a0Fabrizio Rongione, Edoardo Leo, Angela Molina, Francesca Inaudi, Angeliqa Devi, Richard Sammel. Liliana Cavani da fine intellettuale regala con il suo ultimo film presentato fuori concorso a Venezia 80 , una meditazione filosofica \u00a0\u00a0sul valore del tempo che non pu\u00f2 essere \u00a0fermato \u00a0e neanche \u00a0afferrato, ma solo \u00a0vissuto \u00a0in un presente\u00a0 autentico. L\u2019ordine del tempo \u00e8 \u2019 ambientato in una splendida villa al mare, affollata da \u00a0\u00a0un gruppo di borghesi un po&#8217; annoiati che festeggiano il 50esimo compleanno di Elsa (Claudia Gerini) padrona di casa e moglie di Pietro,( Alessandro Gassman)un aitante medico: gli invitati sono tutti uomini e donne irrisolti, diciamo allo sbando, ma professionalmente rampanti. Paola(Ksenia Rappoport) docente universitaria ha un legame con Victor, (Richard Sammel) un valente uomo di affari,ma il\u00a0 cuore di lei\u00a0 batte per il romantico ed indeciso\u00a0 Enrico. Un fisico teorico ( Edoardo Leo) ruvido ma sincero. Lo psicanalista Jacob (Fabrizio Rongione)\u00a0 e\u00a0 Greta (Valentina Cervi) si amano accettando le rispettive fragilit\u00e0:\u00a0 la splendida\u00a0 Jasmine (Angeliqa Devi) \u00e8 \u00a0una giornalista di successo segnata da un \u00a0rimpianto, l\u2019inquieta \u00a0Giulia (Francesca Inaudi) \u00e8 una fisica\u00a0 ricercatrice di rara intelligenza, che \u00a0legge con interrogativi scientifici \u00a0filosofici \u00a0il significato del tempo e del perdono.\u00a0La donna si scontra pacificamente con suor Raffaella ( Angela Molina),una meravigliosa clarissa laureata in fisica.Tutto cambia quando viene diramata la notizia di un asteroide che potrebbe collidere con la terra provocando l\u2019estinzione dell\u2019uomo :\u00a0 su questo microcosmo \u00a0incombe l\u2019incubo della morte, il tempo\u00a0 gioca con la loro condizione di finitezza,\u00a0 mentre erompono\u00a0 le loro paure pi\u00f9 ataviche . \u00c8 l\u2019ora della verit\u00e0 e il tempo diventa lo specchio nel quale guardarsi. La regista li osserva mentre abbandonano la spirale dell\u2019incomunicabilit\u00e0, finalmente confessano il fluire delle loro emozioni in una temporalit\u00e0 che per loro diventa propizia e sincera. Il ticchettio dell\u2019orologio li ha resi frenetici e distratti verso la grande bellezza della vita vissuta\u00a0 senza coraggio e con pochi slanci .<\/p>\n<p>\u201c <em>Pensiamo di avere un tempo infinito poi ci accorgiamo che non c\u2019\u00e8 pi\u00f9<\/em>\u201d! dice l\u2019inquieta\u00a0 Giulia a suo Raffaella .La razionalit\u00e0\u00a0 della fisica\u00a0 si scontra\u00a0 con\u00a0 il fervore\u00a0 della religiosa che ha dell\u2019universo\u00a0 \u201cuna sola lettura\u201d ma \u00a0consapevole che\u201d la fede \u00e8 enigmatica pi\u00f9 della fisica\u201d . Questo intenso momento cinematografico \u00e8 tra i momenti pi\u00f9 belli del film, perch\u00e9 erompe quella tensione tra scienza e religione discussa con un forte carico emotivo. La preghiera \u00e8 un \u2019arma fragile \u00a0ma \u00e8 potente nell\u2019impotenza \u201c dice la suora \u00a0ma spinge l&#8217;uomo verso la resilienza , unico salvagente\u00a0 in possesso per respirare e guardare l\u2019orizzonte come un oceano \u00a0di speranza.<\/p>\n<p>Frasi del film:<\/p>\n<p>\u201c Pensiamo di avere un tempo infinito poi ci accorgiamo che non c\u2019\u00e8 pi\u00f9<\/p>\n<p>\u201cuna sola lettura<\/p>\n<p>E \u2019arma fragile\u00a0 ma \u00e8 potente nell\u2019impotenza.<\/p>\n<p>la fede \u00e8 enigmatica pi\u00f9 della fisica<\/p>\n<p>Paola Olivieri<\/p>\n<p>&nbsp;<\/p>\n","protected":false},"excerpt":{"rendered":"<p>L\u2019Ordine del tempo., \u201cL\u2019ordine del tempo\u201d firmato da Liliana Cavani \u00a0ma tratto dal saggio omonimo di Carlo Rovelli,\u00e8 intrepretato da un cast d\u2019eccezione composto da:\u201dCaudia Gerini, Alessandro Gassman, Ksenia Rappoport, Valentina Cervi, \u00a0Fabrizio Rongione, Edoardo Leo, Angela Molina, Francesca Inaudi, Angeliqa Devi, Richard Sammel. Liliana Cavani da fine intellettuale regala&#8230;<\/p>\n<p class=\"continue-reading-button\"> <a class=\"continue-reading-link\" href=\"https:\/\/www.cinemaemusica.it\/cinemaemusica\/2024\/01\/25\/lordine-del-tempo-di-liliana-cavani\/\">Continue reading<i class=\"crycon-right-dir\"><\/i><\/a><\/p>\n","protected":false},"author":2,"featured_media":0,"comment_status":"closed","ping_status":"closed","sticky":false,"template":"","format":"standard","meta":{"footnotes":""},"categories":[4,1],"tags":[],"class_list":["post-10732","post","type-post","status-publish","format-standard","hentry","category-film-in-uscita","category-news"],"_links":{"self":[{"href":"https:\/\/www.cinemaemusica.it\/cinemaemusica\/wp-json\/wp\/v2\/posts\/10732","targetHints":{"allow":["GET"]}}],"collection":[{"href":"https:\/\/www.cinemaemusica.it\/cinemaemusica\/wp-json\/wp\/v2\/posts"}],"about":[{"href":"https:\/\/www.cinemaemusica.it\/cinemaemusica\/wp-json\/wp\/v2\/types\/post"}],"author":[{"embeddable":true,"href":"https:\/\/www.cinemaemusica.it\/cinemaemusica\/wp-json\/wp\/v2\/users\/2"}],"replies":[{"embeddable":true,"href":"https:\/\/www.cinemaemusica.it\/cinemaemusica\/wp-json\/wp\/v2\/comments?post=10732"}],"version-history":[{"count":0,"href":"https:\/\/www.cinemaemusica.it\/cinemaemusica\/wp-json\/wp\/v2\/posts\/10732\/revisions"}],"wp:attachment":[{"href":"https:\/\/www.cinemaemusica.it\/cinemaemusica\/wp-json\/wp\/v2\/media?parent=10732"}],"wp:term":[{"taxonomy":"category","embeddable":true,"href":"https:\/\/www.cinemaemusica.it\/cinemaemusica\/wp-json\/wp\/v2\/categories?post=10732"},{"taxonomy":"post_tag","embeddable":true,"href":"https:\/\/www.cinemaemusica.it\/cinemaemusica\/wp-json\/wp\/v2\/tags?post=10732"}],"curies":[{"name":"wp","href":"https:\/\/api.w.org\/{rel}","templated":true}]}}