{"id":11453,"date":"2024-11-14T15:29:34","date_gmt":"2024-11-14T15:29:34","guid":{"rendered":"https:\/\/www.cinemaemusica.it\/cinemaemusica\/?p=11453"},"modified":"2024-11-14T15:29:34","modified_gmt":"2024-11-14T15:29:34","slug":"cs_nasce-il-premio-fondazione-aem-ciak-per-lambiente","status":"publish","type":"post","link":"https:\/\/www.cinemaemusica.it\/cinemaemusica\/2024\/11\/14\/cs_nasce-il-premio-fondazione-aem-ciak-per-lambiente\/","title":{"rendered":"CS_Nasce il premio Fondazione AEM &#8211; Ciak per l&#8217;ambiente"},"content":{"rendered":"<p><strong>CS_Nasce il premio Fondazione AEM &#8211; Ciak per l&#8217;ambiente<\/strong><\/p>\n<p>&nbsp;<\/p>\n<p>Nell\u2019ambito della 17. edizione di Piccolo Grande Cinema, in programma fino al 17 novembre 2024 al Cineteca Milano Arlecchino, al Cineteca Milano MIC-Museo Interattivo del Cinema e al Cineteca Milano Metropolis di Paderno Dugnano, Cineteca Milano e Fondazione AEM &#8211; Gruppo A2A, danno vita al Premio Fondazione AEM &#8211; Ciak: l\u2019ambiente! che decreter\u00e0 il film vincitore tra una selezione di cinque lungometraggi e uno (o pi\u00f9) cortometraggi che meglio interpretano la tematica ambientale e il tema della sostenibilit\u00e0.<\/p>\n<p>I cinque film eleggibili + corto saranno selezionati trasversalmente tra tutte le sezioni del Festival (che presenter\u00e0 in totale circa 60 film in anteprima tra lunghi e corti), in particolare le sezioni Concorso Internazionale, Concorso Pubblico Giovane, Concorso Cortometraggi, Concorso PGC Kids.<\/p>\n<p>&nbsp;<\/p>\n<p>La giuria che assegna il premio \u00e8 presieduta da Alberto Martinelli, Presidente di Fondazione AEM e composta dai quattro young programmers del festival, Chiara Scurati, Isabella Ghiringhelli Cavallo, Filippo Caccia, Paolo Rissicini.<\/p>\n<p>Il vincitore sar\u00e0 annunciato al Cinema Arlecchino venerd\u00ec 15 novembre alle ore 18.45 con una cerimonia in cui la Giuria legger\u00e0 la motivazione e consegner\u00e0 il premio che consiste in una creazione di Fornasetti.<\/p>\n<p>Ha dichiarato Silvia Pareti, segretario generale di Cineteca Milano e direttrice artistica di Piccolo Grande Cinema: \u00abSiamo molto contenti di collaborare con Fondazione AEM all&#8217;istituzione di un premio che certifica l&#8217;attenzione costante e crescente del cinema e dei suoi protagonisti per le tematiche della sostenibilit\u00e0 ambientale e green. Un&#8217;attenzione che, come si vedr\u00e0, sar\u00e0 presente in modo trasversale in molte opere che saranno programmate durante Piccolo Grande Cinema\u00bb.<\/p>\n<p>Alberto Martinelli, Presidente di Fondazione AEM, ha commentato: \u00abLa collaborazione con Cineteca Milano, nostro partner storico, si arricchisce con nuove e importanti iniziative come il Premio Fondazione AEM \u2013 Ciak: l\u2019ambiente! Abbiamo sempre creduto nel ruolo sociale e formativo del cinema e nella sua capacit\u00e0 di trasmettere importanti valori e messaggi soprattutto ai giovani, oggi pi\u00f9 che mai, attenti ai temi ambientali e alla ricerca di soluzioni sempre pi\u00f9 sostenibili. Per questo motivo sono felice di presiedere la giuria composta dai quattro young programmers del festival e condividere con loro questa esperienza. Un confronto intergenerazionale interessante, che porter\u00e0 ad una scelta finale che sar\u00e0 frutto dell\u2019unione di diversi punti di vista\u00bb.<\/p>\n<p>&nbsp;<\/p>\n<p>Piccolo Grande Cinema \u00e8 il festival organizzato da Cineteca Milano, giunto ormai alla diciassettesima edizione e che quest&#8217;anno, come claim, ha la frase &#8220;Il primo festival non si scorda mai&#8221;.<\/p>\n<p>&nbsp;<\/p>\n<p>Di seguito i film eligibili per il Premio Fondazione AEM &#8211; Ciak: l\u2019ambiente!<\/p>\n<p>My Sunshine<\/p>\n<p>Regia: Hiroshi Okuyama; sceneggiatura: Hiroshi Okuyama; interpreti: Sosuke Ikematsu, Keitatsu Koshiyama, Kiara Nakanishi; produzione: Tokyo Theaters, Comme des Cin\u00e9mas, The Asahi Shimbun Company; distribuzione: Charades.<\/p>\n<p>Giappone, Francia, 2024, 90\u2019.<\/p>\n<p>Once Upon a Time in a Forest<\/p>\n<p>Regia: Virpi Suutari; sceneggiatura: Virpi Suutari; interpreti: Ida Korhonen, Minka Virtanen, Otto Snellman, Ville Murmann, Otso Piitulainen; produzione: Euphoria Film; distribuzione: Autlook Filmsales.<\/p>\n<p>Finlandia, 2024, 93\u2019. Documentario.<\/p>\n<p>Volpe e lepre salvano la foresta<\/p>\n<p>Regia: Mascha Halberstad; sceneggiatura: Fabie Hulsebos; soggetto: tratto dalla serie di libri per l\u2019infanzia Vos en Haas en de Bosbaas creata dall\u2019autrice belga Sylvia Vanden Heede; produzione: Submarine, Walking the Dog, Doghouse; distribuzione: Urban Sales.<\/p>\n<p>Paesi Bassi, Belgio, Lussemburgo, 2024, 71\u2019.<\/p>\n<p>Snot e Splash &#8211; Il mistero dei buchi scomparsi<\/p>\n<p>Regia: Teemu Nikki; sceneggiatura: Teemu Nikki, Jani P\u00f6s\u00f6, Ilja Rautsi; produzione: It&#8217;s Alive Films, Studio Produkcyjne Orka; distribuzione italiana: I Wonder Pictures.<\/p>\n<p>Finlandia, Polonia, 2023, 88\u2019. Versione doppiata in italiano. Anteprima italiana.<\/p>\n<p>Sauvages<\/p>\n<p>Regia: Claude Barras; sceneggiatura: Claude Barras, Catherine Paill\u00e9; produzione: Nadasdy Film, Haut et Court, Panique, H\u00e9lium Films, Beast Animation; distribuzione: Goodfellas.<\/p>\n<p>Svizzera, Francia, Belgio, 2024, 87\u2019.<\/p>\n<p>&nbsp;<\/p>\n<p>Il silenzio parla (cortometraggio)<\/p>\n<p>Regia: Ping Ren; sceneggiatura: Ping Ren.<\/p>\n<p>Italia, 2024, 5\u201900\u2019\u2019.<\/p>\n<p>&#8212;&#8212;&#8212;&#8212;&#8212;&#8212;&#8212;&#8212;&#8212;&#8212;&#8212;&#8212;&#8212;&#8212;&#8212;&#8212;&#8212;&#8212;-<\/p>\n<p>Cineteca Milano<\/p>\n<p>Dal 1947, anno della sua costituzione a Milano, la Cineteca Milano \u2014 diventata fondazione dal 1996 \u2014 svolge un\u2019ininterrotta attivit\u00e0 di conservazione e valorizzazione del patrimonio filmico e di diffusione della cultura cinematografica sia in Italia sia all\u2019estero. Tre sale cinematografiche dedicate al cinema di qualit\u00e0, un museo interattivo che \u00e8 divenuto un luogo privilegiato di formazione legato al cinema, un enorme archivio sotterraneo di pellicole visitabile con strumenti di realt\u00e0 aumentata, un laboratorio di restauro filmico, una biblioteca dove immergersi nella lettura e nello studio del cinema con volumi rari e preziosi.<\/p>\n<p>Fondazione AEM \u2013 Gruppo A2A<\/p>\n<p>Istituita nel 2007, Fondazione AEM \u00e8 una delle Fondazioni del Gruppo A2A che ha come obiettivo fondante la salvaguardia della memoria storica dell\u2019Azienda Elettrica (poi Energetica) Municipale di Milano, per un secolo punto di riferimento imprescindibile per la crescita sociale ed economica della citt\u00e0. Il supporto a iniziative di valore e di impatto per la comunit\u00e0 nel territorio milanese \u00e8 per la sua visione un elemento importante, come testimoniato dalle numerose attivit\u00e0 che svolge da anni nella sua sede di piazza Po. Fondazione AEM, sin dalla sua istituzione, agisce con attenzione alla dimensione sociale, promuovendo iniziative culturali, sostenendo la ricerca scientifica e l\u2019educazione sullo sviluppo sostenibile. La sede di FAEM \u00e8 un polo dinamico e multifunzionale aperto ai cittadini di tutte le et\u00e0 dedicato alla storia aziendale di A2A, alla cultura e alla sostenibilit\u00e0. Tutela della memoria storica e tensione verso il futuro si uniscono in un progetto coerente e di ampio respiro, sempre in profonda connessione con la vita e il benessere dei cittadini. La sede di Fondazione AEM \u00e8 un interessante esempio di architettura industriale dei primi anni Trenta: un\u2019ex sottostazione elettrica nel cuore di Milano completamente ristrutturata che ospita eventi, convegni, seminari e corsi di formazione e con un\u2019area museale ed espositiva di recente inaugurazione, l\u2019AEMuseum, che racconta la storia dell\u2019impresa e della citt\u00e0.<\/p>\n<p>Comunicato stampa inviato da Fondazione Cineteca di Milano.<\/p>\n","protected":false},"excerpt":{"rendered":"<p>CS_Nasce il premio Fondazione AEM &#8211; Ciak per l&#8217;ambiente &nbsp; Nell\u2019ambito della 17. edizione di Piccolo Grande Cinema, in programma fino al 17 novembre 2024 al Cineteca Milano Arlecchino, al Cineteca Milano MIC-Museo Interattivo del Cinema e al Cineteca Milano Metropolis di Paderno Dugnano, Cineteca Milano e Fondazione AEM &#8211;&#8230;<\/p>\n<p class=\"continue-reading-button\"> <a class=\"continue-reading-link\" href=\"https:\/\/www.cinemaemusica.it\/cinemaemusica\/2024\/11\/14\/cs_nasce-il-premio-fondazione-aem-ciak-per-lambiente\/\">Continue reading<i class=\"crycon-right-dir\"><\/i><\/a><\/p>\n","protected":false},"author":2,"featured_media":0,"comment_status":"closed","ping_status":"closed","sticky":false,"template":"","format":"standard","meta":{"footnotes":""},"categories":[20,1],"tags":[],"class_list":["post-11453","post","type-post","status-publish","format-standard","hentry","category-eventi-cinema","category-news"],"_links":{"self":[{"href":"https:\/\/www.cinemaemusica.it\/cinemaemusica\/wp-json\/wp\/v2\/posts\/11453","targetHints":{"allow":["GET"]}}],"collection":[{"href":"https:\/\/www.cinemaemusica.it\/cinemaemusica\/wp-json\/wp\/v2\/posts"}],"about":[{"href":"https:\/\/www.cinemaemusica.it\/cinemaemusica\/wp-json\/wp\/v2\/types\/post"}],"author":[{"embeddable":true,"href":"https:\/\/www.cinemaemusica.it\/cinemaemusica\/wp-json\/wp\/v2\/users\/2"}],"replies":[{"embeddable":true,"href":"https:\/\/www.cinemaemusica.it\/cinemaemusica\/wp-json\/wp\/v2\/comments?post=11453"}],"version-history":[{"count":0,"href":"https:\/\/www.cinemaemusica.it\/cinemaemusica\/wp-json\/wp\/v2\/posts\/11453\/revisions"}],"wp:attachment":[{"href":"https:\/\/www.cinemaemusica.it\/cinemaemusica\/wp-json\/wp\/v2\/media?parent=11453"}],"wp:term":[{"taxonomy":"category","embeddable":true,"href":"https:\/\/www.cinemaemusica.it\/cinemaemusica\/wp-json\/wp\/v2\/categories?post=11453"},{"taxonomy":"post_tag","embeddable":true,"href":"https:\/\/www.cinemaemusica.it\/cinemaemusica\/wp-json\/wp\/v2\/tags?post=11453"}],"curies":[{"name":"wp","href":"https:\/\/api.w.org\/{rel}","templated":true}]}}