{"id":11532,"date":"2024-12-12T17:48:43","date_gmt":"2024-12-12T17:48:43","guid":{"rendered":"https:\/\/www.cinemaemusica.it\/cinemaemusica\/?p=11532"},"modified":"2024-12-16T16:38:38","modified_gmt":"2024-12-16T16:38:38","slug":"recanati-sabato-14-dicembre-al-teatro-persiani-enzo-decaro-porta-in-scena-lavaro-immaginario-un-viaggio-verso-moliere-da-napoli-a-parigi","status":"publish","type":"post","link":"https:\/\/www.cinemaemusica.it\/cinemaemusica\/2024\/12\/12\/recanati-sabato-14-dicembre-al-teatro-persiani-enzo-decaro-porta-in-scena-lavaro-immaginario-un-viaggio-verso-moliere-da-napoli-a-parigi\/","title":{"rendered":"RECANATI, SABATO 14 DICEMBRE AL TEATRO PERSIANI ENZO DECARO PORTA IN SCENA  L\u2019AVARO IMMAGINARIO. UN VIAGGIO VERSO MOLIERE DA NAPOLI A PARIGI"},"content":{"rendered":"<p><strong>RECANATI, SABATO 14 DICEMBRE AL TEATRO PERSIANI ENZO DECARO PORTA IN SCENA<\/strong><\/p>\n<p><strong><em>L\u2019AVARO IMMAGINARIO. UN VIAGGIO VERSO MOLIERE DA NAPOLI A PARIGI<\/em><\/strong><\/p>\n<p>Tra Moli\u00e8re e De Filippo, fra i pensieri di Giordano Bruno e le musiche di Nino Rota, <strong>sabato 14 dicembre<\/strong> <strong>Enzo Decaro<\/strong> porta in scena al <strong>Teatro Persiani di Recanati<\/strong>, con <strong>Nunzia Schiano<\/strong> e <strong>La Compagnia Luigi De Filippo<\/strong>, <strong><em>L\u2019avaro immaginario. Un viaggio verso Moliere da Napoli a Parigi<\/em><\/strong>, commedia di cui \u00e8 anche autore e regista.<\/p>\n<p>&nbsp;<\/p>\n<p>Lo spettacolo &#8211; proposto nella stagione teatrale realizzata dal <strong>Comune di Recanati<\/strong> con l\u2019<strong>AMAT<\/strong> e il contributo di <strong>Regione Marche<\/strong> e <strong>MiC<\/strong> &#8211; \u00e8 un viaggio nel teatro, quello di Moli\u00e8re in primo luogo, ma non soltanto. \u00c8 anche un viaggio nel tempo quello del Seicento, un secolo pieno di guerre, epidemie, grandi tragedie ma anche di profonde intuizioni e illuminazioni che non riguardano solo quel tempo. Ed \u00e8 anche il viaggio, reale e immaginario, di Oreste Bruno e la sua Compagnia di famiglia, quella dei Fratelli d\u00e8 Bruno da Nola, (discendenti del grande filosofo Giordano Bruno), una vera \u201ccarretta dei comici\u201d viaggiante, tanto cara sia a Peppino sia a Luigi De Filippo. \u00c8 il viaggio verso Parigi, verso il teatro, verso Moli\u00e8re ma anche una fuga dalla peste, da una terribile epidemia che ha costretto i nostri a cimentarsi in un avventuroso viaggio verso un sogno, una speranza o solo la salvezza. Lungo il percorso, quando la compagnia arriva nei pressi di un centro abitato, di un mercato o di un assembramento di persone, ecco che il \u201ccarretto viaggiante\u201d diventa palcoscenico e si fa il teatro.<\/p>\n<p><em>\u00a0<\/em><\/p>\n<p>\u00abIl progetto \u2013 racconta Enzo Decaro &#8211; nasce soprattutto da una curiosit\u00e0 \u2018artistica\u2019, a sua volta originata dalla costatazione che, a un certo punto della loro carriera, i De Filippo (Peppino e Luigi in particolare) hanno sentito l\u2019esigenza di confrontarsi con il teatro di Moli\u00e8re e il suo genio innovativo, rimasto forse nel suo genere ancor oggi ineguagliato e vivissimo. A riprova, il fatto che, dopo oltre quattro secoli, in occasione della recente ricorrenza del quattrocentenario dalla nascita, si son tenute ovunque celebrazioni, studi e ricerche dedicate al suo teatro e alla sua mai tramontata \u201ccom\u00e9die humaine\u201d. In particolare, <em>L\u2019avaro <\/em>e <em>Il malato immaginario<\/em> sono stati i due titoli a cui, una generazione dopo l\u2019altra, i De Filippo, padre e figlio, hanno dedicato seppur con differenti approcci la loro attenzione, sia teatrale che umana, dal momento che per entrambi, come del resto per Moli\u00e8re, il confine tra la rappresentazione teatrale e la vita come teatro, anche vissuto nella realt\u00e0 quotidiana, \u00e8 stato davvero sottile\u00bb.<\/p>\n<p>&nbsp;<\/p>\n<p>In scena ci sono anche gli attori <strong>Luigi Bignone<\/strong>, <strong>Carlo Di Maio<\/strong>, <strong>Roberto Fiorentino<\/strong>, <strong>Massimo Pagano<\/strong>, <strong>Fabiana Russo<\/strong>, <strong>Ingrid Sansone<\/strong>, le scene sono di <strong>Luigi Ferrigno<\/strong>, i costumi di <strong>Ilaria Carannante<\/strong>, il disegno luci di <strong>Luigi Della Monica<\/strong>, la produzione dello spettacolo \u00e8 di <strong>I due della citt\u00e0 del sole<\/strong><\/p>\n<p>comunicato stampa proveniente da Barbara Mancia AMAT<\/p>\n","protected":false},"excerpt":{"rendered":"<p>RECANATI, SABATO 14 DICEMBRE AL TEATRO PERSIANI ENZO DECARO PORTA IN SCENA L\u2019AVARO IMMAGINARIO. UN VIAGGIO VERSO MOLIERE DA NAPOLI A PARIGI Tra Moli\u00e8re e De Filippo, fra i pensieri di Giordano Bruno e le musiche di Nino Rota, sabato 14 dicembre Enzo Decaro porta in scena al Teatro Persiani&#8230;<\/p>\n<p class=\"continue-reading-button\"> <a class=\"continue-reading-link\" href=\"https:\/\/www.cinemaemusica.it\/cinemaemusica\/2024\/12\/12\/recanati-sabato-14-dicembre-al-teatro-persiani-enzo-decaro-porta-in-scena-lavaro-immaginario-un-viaggio-verso-moliere-da-napoli-a-parigi\/\">Continue reading<i class=\"crycon-right-dir\"><\/i><\/a><\/p>\n","protected":false},"author":2,"featured_media":0,"comment_status":"closed","ping_status":"closed","sticky":false,"template":"","format":"standard","meta":{"footnotes":""},"categories":[1,13],"tags":[],"class_list":["post-11532","post","type-post","status-publish","format-standard","hentry","category-news","category-teatro-e-musica"],"_links":{"self":[{"href":"https:\/\/www.cinemaemusica.it\/cinemaemusica\/wp-json\/wp\/v2\/posts\/11532","targetHints":{"allow":["GET"]}}],"collection":[{"href":"https:\/\/www.cinemaemusica.it\/cinemaemusica\/wp-json\/wp\/v2\/posts"}],"about":[{"href":"https:\/\/www.cinemaemusica.it\/cinemaemusica\/wp-json\/wp\/v2\/types\/post"}],"author":[{"embeddable":true,"href":"https:\/\/www.cinemaemusica.it\/cinemaemusica\/wp-json\/wp\/v2\/users\/2"}],"replies":[{"embeddable":true,"href":"https:\/\/www.cinemaemusica.it\/cinemaemusica\/wp-json\/wp\/v2\/comments?post=11532"}],"version-history":[{"count":0,"href":"https:\/\/www.cinemaemusica.it\/cinemaemusica\/wp-json\/wp\/v2\/posts\/11532\/revisions"}],"wp:attachment":[{"href":"https:\/\/www.cinemaemusica.it\/cinemaemusica\/wp-json\/wp\/v2\/media?parent=11532"}],"wp:term":[{"taxonomy":"category","embeddable":true,"href":"https:\/\/www.cinemaemusica.it\/cinemaemusica\/wp-json\/wp\/v2\/categories?post=11532"},{"taxonomy":"post_tag","embeddable":true,"href":"https:\/\/www.cinemaemusica.it\/cinemaemusica\/wp-json\/wp\/v2\/tags?post=11532"}],"curies":[{"name":"wp","href":"https:\/\/api.w.org\/{rel}","templated":true}]}}