{"id":2991,"date":"2014-12-11T06:57:03","date_gmt":"2014-12-11T06:57:03","guid":{"rendered":"https:\/\/www.cinemaemusica.it\/cinemaemusica\/?p=2991"},"modified":"2015-11-25T06:57:50","modified_gmt":"2015-11-25T06:57:50","slug":"omaggio-a-piero-tosi","status":"publish","type":"post","link":"https:\/\/www.cinemaemusica.it\/cinemaemusica\/2014\/12\/11\/omaggio-a-piero-tosi\/","title":{"rendered":"OMAGGIO A PIERO TOSI"},"content":{"rendered":"<p>La mostra a Palazzo Pitti prorogata sino al 25\/01<br \/>\nProrogata a Palazzo Pitti di Firenze fino al prossimo 25 gennaio la mostra dal titolo \u201cOmaggio al Maestro Piero Tosi. Quindici abiti di scena dalla Donazione Tirelli\u201d disegnati da Piero Tosi che nel 2014 ha conseguito il premio Oscar onorario alla carriera con la seguente motivazione \u201c Piero Tosii, un visionario i cui incomparabili costumi superano il tempo facendo vivere l&#8217;arte nei film\u201d. Tosi si \u00e8 avvalso di sartorie teatrali di prestigio, come quella di Umberto Tirelli, con la quale collabora ancor oggi a distanza di anni dalla scomparsa di quest\u2019ultimo. E\u2019 possibile ammirare abiti di Medea (film: Medea, regia di Pier Paolo Pasolini, interprete: Maria Callas), Elisabetta (Sissi) (film: Ludwig, regia di Luchino Visconti, interprete: Romy Schneider), Giuliana Hermil (film: L\u2019innocente, regia di Luchino Visconti, interprete: Laura Antonelli). La mostra, chiusa ogni primo e ultimo luned\u00ec del mese, \u00e8 visitabile dalle 8.15 alle 16.30. L&#8217;ingresso al museo \u00e8 gratuito fino a 18 anni; dai 18 ai 25 anni \u00e8 ridotto; gli adulti pagano il biglietto intero.<\/p>\n<p>a cura della Redazione<\/p>\n","protected":false},"excerpt":{"rendered":"<p>La mostra a Palazzo Pitti prorogata sino al 25\/01 Prorogata a Palazzo Pitti di Firenze fino al prossimo 25 gennaio la mostra dal titolo \u201cOmaggio al Maestro Piero Tosi. Quindici abiti di scena dalla Donazione Tirelli\u201d disegnati da Piero Tosi che nel 2014 ha conseguito il premio Oscar onorario alla&#8230;<\/p>\n<p class=\"continue-reading-button\"> <a class=\"continue-reading-link\" href=\"https:\/\/www.cinemaemusica.it\/cinemaemusica\/2014\/12\/11\/omaggio-a-piero-tosi\/\">Continue reading<i class=\"crycon-right-dir\"><\/i><\/a><\/p>\n","protected":false},"author":2,"featured_media":0,"comment_status":"open","ping_status":"open","sticky":false,"template":"","format":"standard","meta":{"footnotes":""},"categories":[12,5],"tags":[],"class_list":["post-2991","post","type-post","status-publish","format-standard","hentry","category-cultura","category-articolo-mostra"],"_links":{"self":[{"href":"https:\/\/www.cinemaemusica.it\/cinemaemusica\/wp-json\/wp\/v2\/posts\/2991","targetHints":{"allow":["GET"]}}],"collection":[{"href":"https:\/\/www.cinemaemusica.it\/cinemaemusica\/wp-json\/wp\/v2\/posts"}],"about":[{"href":"https:\/\/www.cinemaemusica.it\/cinemaemusica\/wp-json\/wp\/v2\/types\/post"}],"author":[{"embeddable":true,"href":"https:\/\/www.cinemaemusica.it\/cinemaemusica\/wp-json\/wp\/v2\/users\/2"}],"replies":[{"embeddable":true,"href":"https:\/\/www.cinemaemusica.it\/cinemaemusica\/wp-json\/wp\/v2\/comments?post=2991"}],"version-history":[{"count":0,"href":"https:\/\/www.cinemaemusica.it\/cinemaemusica\/wp-json\/wp\/v2\/posts\/2991\/revisions"}],"wp:attachment":[{"href":"https:\/\/www.cinemaemusica.it\/cinemaemusica\/wp-json\/wp\/v2\/media?parent=2991"}],"wp:term":[{"taxonomy":"category","embeddable":true,"href":"https:\/\/www.cinemaemusica.it\/cinemaemusica\/wp-json\/wp\/v2\/categories?post=2991"},{"taxonomy":"post_tag","embeddable":true,"href":"https:\/\/www.cinemaemusica.it\/cinemaemusica\/wp-json\/wp\/v2\/tags?post=2991"}],"curies":[{"name":"wp","href":"https:\/\/api.w.org\/{rel}","templated":true}]}}