{"id":4262,"date":"2016-10-24T21:15:54","date_gmt":"2016-10-24T21:15:54","guid":{"rendered":"https:\/\/www.cinemaemusica.it\/cinemaemusica\/?p=4262"},"modified":"2023-08-15T19:19:42","modified_gmt":"2023-08-15T19:19:42","slug":"prtofrancoil-cinema-invisibile","status":"publish","type":"post","link":"https:\/\/www.cinemaemusica.it\/cinemaemusica\/2016\/10\/24\/prtofrancoil-cinema-invisibile\/","title":{"rendered":"PORTOFRANCO, il cinema invisibile"},"content":{"rendered":"<p><strong>PORTOFRANCO, il cinema \u2018invisibile\u2019<br \/>\n<\/strong><\/p>\n<p>al<strong> CineTeatro Baretti <\/strong>di<strong> Torino<br \/>\n<\/strong><\/p>\n<p><strong>L\u2019UNIVERSALE<\/strong><\/p>\n<p><strong>di Federico Micali<br \/>\n<\/strong><\/p>\n<p><strong><em>La storia vera di un cinema libero<\/em><br \/>\n<\/strong><\/p>\n<p><strong>Marted\u00ec 25 ottobre, ore 21.00 | Sabato 29 ottobre, ore 18.00<\/strong><\/p>\n<p><strong>\u00a0<\/strong><\/p>\n<p><u>Ingresso a pagamento a prezzo ridotto (3,50 o 2,50 Euro) <\/u><\/p>\n<p><u>\u00a0<\/u><\/p>\n<p><strong>\u00a0<\/strong><\/p>\n<p>iTerzo appuntamento della stagione quello di <strong>marted\u00ec 25 ottobre<\/strong> alle <strong>ore 21.00 al Cineteatro Baretti<\/strong> con la rassegna permanente <strong>PORTOFRANCO, il cinema invisibile<\/strong> che, <strong>dall\u201911 ottobre al 20 dicembre<\/strong>, propone <strong>10 film di fiction<\/strong> caratterizzati da argomenti sociali, politici e di impegno, trascurati dai circuiti ufficiali della grande distribuzioni e, pertanto, <em>invisibili<\/em>.<\/p>\n<p>&nbsp;<\/p>\n<p>Un cinema (l\u2019Universale), tre amici (Tommaso, Marcello e Alice), Firenze e l\u2019Italia a cavallo degli anni \u201970: questi i protagonisti di<strong><em> L\u2019Universale <\/em>di Federico Micali<\/strong>, la storia vera di un cinema libero, l\u2019Universale appunto, luogo di cultura ma anche di aggregazione, incontro e, qualche volta, scontro. La vita dei tre ragazzi si snoda tra le pareti, le immagini, i film, la musica del cinema L\u2019Universale del quartiere San Freidano di Firenze. L\u2019Universale \u00e8 stato un cinema che divenne leggenda, il cinema della gente, un cinema dove davvero qualcuno entr\u00f2 con la vespa, un altro riemp\u00ec la sala di piccioni e un altro fece suonare una campana. E durante la proiezione di <em>Ultimo tango a Parigi<\/em> davvero qualcuno grid\u00f2 \u201cAbburraciugagnene!\u201d, riferimento a pane acciughe e burro, lo spuntino di un\u2019Italia povera senza troppi svaghi dove il cinema divenne luogo d\u2019incontro, di sogni e di speranze. Tutto questo \u00e8 raccontato nel film con passione e delicatezza nel descrivere, attraverso le vicende che ci consumano tra le pareti dell\u2019Universale, un\u2019Italia che cambia, tra il 1968 e il 1989, anno di chiusura della sala. Tommaso, Marcello e Alice vivono con la leggerezza dell\u2019et\u00e0 gli anni di piombo, le lotte politiche, l\u2019arrivo delle droghe e gli scontri generazionali. E l\u00ec, non cornice ma altro protagonista, il cinema L\u2019Universale con i cassieri, le maschere e il pubblico marcato da una forte toscanit\u00e0 esuberante e divertente\u2026 una storia \u201cuniversale\u201d quella raccontata da Federico Micali, quella di tante sale che hanno contribuito alla formazione di intere generazioni.<\/p>\n<p>&nbsp;<\/p>\n<p>&nbsp;<\/p>\n<p>Replica: sabato 29 ottobre, alle ore 18.00 sempre al Cineteatro Baretti.<\/p>\n<p>&nbsp;<\/p>\n<p>&nbsp;<\/p>\n<p>La nona edizione di PORTOFRANCO conferma la proiezione dei film tutti i marted\u00ec sera alle ore 21.00 e la replica il sabato pomeriggio alle ore 18.00 e rinnova la collaborazione con Unicredit Group Cineforum Circolo Torino, il Goethe-Institut di Torino, l\u2019Alliance Fran\u00e7aise di Torino e l\u2019Archivio Nazionale Cinematografico della Resistenza Onlus e contempla, tra gli altri, film non distribuiti in Italia e provenienti dai paesi di lingua tedesca e francese con sottotitoli.<\/p>\n<p>&nbsp;<\/p>\n<p>&nbsp;<\/p>\n<p><strong>PORTOFRANCO<\/strong> \u00e8 realizzato con il contributo di:<\/p>\n<p>Unicredit Group &#8211; Cineforum Circolo Torino<\/p>\n<p>in collaborazione con: Wic.it &#8211; Web Image Communications,<\/p>\n<p>Goethe-Institut di Torino, Alliance Fran\u00e7aise di Torino,<\/p>\n<p>Archivio NaziCineteatro Baretti, Via Baretti, 4 \u2013 Torino (ingresso a pagamentoonale Cinematografico della Resistenza Onlus.<\/p>\n<p>&nbsp;<\/p>\n<p>&nbsp;<\/p>\n<p>&nbsp;<\/p>\n<p><strong>CineTeatro Baretti<\/strong> Via Baretti 4 &#8211; 10125 Torino<\/p>\n<p>Tel. e fax +39 011 655 187<\/p>\n","protected":false},"excerpt":{"rendered":"<p>PORTOFRANCO, il cinema \u2018invisibile\u2019 al CineTeatro Baretti di Torino L\u2019UNIVERSALE di Federico Micali La storia vera di un cinema libero Marted\u00ec 25 ottobre, ore 21.00 | Sabato 29 ottobre, ore 18.00 \u00a0 Ingresso a pagamento a prezzo ridotto (3,50 o 2,50 Euro) \u00a0 \u00a0 iTerzo appuntamento della stagione quello di&#8230;<\/p>\n<p class=\"continue-reading-button\"> <a class=\"continue-reading-link\" href=\"https:\/\/www.cinemaemusica.it\/cinemaemusica\/2016\/10\/24\/prtofrancoil-cinema-invisibile\/\">Continue reading<i class=\"crycon-right-dir\"><\/i><\/a><\/p>\n","protected":false},"author":2,"featured_media":0,"comment_status":"open","ping_status":"open","sticky":false,"template":"","format":"standard","meta":{"footnotes":""},"categories":[1],"tags":[],"class_list":["post-4262","post","type-post","status-publish","format-standard","hentry","category-news"],"_links":{"self":[{"href":"https:\/\/www.cinemaemusica.it\/cinemaemusica\/wp-json\/wp\/v2\/posts\/4262","targetHints":{"allow":["GET"]}}],"collection":[{"href":"https:\/\/www.cinemaemusica.it\/cinemaemusica\/wp-json\/wp\/v2\/posts"}],"about":[{"href":"https:\/\/www.cinemaemusica.it\/cinemaemusica\/wp-json\/wp\/v2\/types\/post"}],"author":[{"embeddable":true,"href":"https:\/\/www.cinemaemusica.it\/cinemaemusica\/wp-json\/wp\/v2\/users\/2"}],"replies":[{"embeddable":true,"href":"https:\/\/www.cinemaemusica.it\/cinemaemusica\/wp-json\/wp\/v2\/comments?post=4262"}],"version-history":[{"count":0,"href":"https:\/\/www.cinemaemusica.it\/cinemaemusica\/wp-json\/wp\/v2\/posts\/4262\/revisions"}],"wp:attachment":[{"href":"https:\/\/www.cinemaemusica.it\/cinemaemusica\/wp-json\/wp\/v2\/media?parent=4262"}],"wp:term":[{"taxonomy":"category","embeddable":true,"href":"https:\/\/www.cinemaemusica.it\/cinemaemusica\/wp-json\/wp\/v2\/categories?post=4262"},{"taxonomy":"post_tag","embeddable":true,"href":"https:\/\/www.cinemaemusica.it\/cinemaemusica\/wp-json\/wp\/v2\/tags?post=4262"}],"curies":[{"name":"wp","href":"https:\/\/api.w.org\/{rel}","templated":true}]}}