{"id":4624,"date":"2016-06-27T20:44:22","date_gmt":"2016-06-27T20:44:22","guid":{"rendered":"https:\/\/www.cinemaemusica.it\/cinemaemusica\/?p=4624"},"modified":"2017-11-09T17:51:15","modified_gmt":"2017-11-09T17:51:15","slug":"segreti-di-famigliajoachin-trier","status":"publish","type":"post","link":"https:\/\/www.cinemaemusica.it\/cinemaemusica\/2016\/06\/27\/segreti-di-famigliajoachin-trier\/","title":{"rendered":"SEGRETI DI FAMIGLIA:JOACHIN TRIER"},"content":{"rendered":"<p>SEGRETI DI FAMIGLIA<\/p>\n<p>27\/06\/2016<\/p>\n<p>Una mostra allestita a New York celebra la grande fotografa di guerra Isabell Reed ( Isabelle Huppert) drammaticamente scomparsa tre anni prima in un incidente d&#8217;auto proprio vicino casa. L&#8217;evento riunisce, ma non ricompatta, ci\u00f2 che resta di quel troppo silenzioso nucleo familiare su cui spirano i venti dell&#8217;inadeguatezza e della depressione. La figura di Isabell \u00e8 complessa,\u00a0le sue foto scoperte casualmente dal figlio maggiore, raccontano una vita parallela: dinamica e amante del rischio nella vita lavorativa, quanto incapace di vivere una continuit\u00e0 affettiva in quella familiare.<br \/>\nIl marito Gene ed i due figli percepiscono il lutto ciascuno in relazione al proprio sentire e ai propri meccanismi emotivi. Il regista, infatti, fotografa l&#8217;alienato marito\u00a0(Gabriel Byrne) che ha un rapporto di incomunicabilit\u00e0 con il figlio minore Konrad, adolescente enigmatico e scontroso. Il figlio maggiore, Jonah, da parte sua, vive il disagio della perdita della madre in modo anomalo: basti pensare a quando, con la scusa dell&#8217;allestimento della mostra, non fa rientro a casa dalla moglie che ha da poco partorito il loro bambino. Questo per la sua incapacit\u00e0 di canalizzare l&#8217;amore. Ma alla radice del disagio dell&#8217;intera famiglia c&#8217;\u00e8 il misterioso incidente di Isabell e la sua forte ma condizionante\u00a0personalit\u00e0\u00a0che, seguendo quell&#8217;itinerante lavoro in giro per il mondo ha cambiato i loro equilibri.<br \/>\nCon &#8220;Segreti di famiglia&#8221;, il regista norvegese Joachim Trier, al suo terzo lungometraggio, firma un dramma non urlato cinematograficamente, ma frammentario come pu\u00f2 essere il fluire delle emozioni . In stile giornalistico tratta la brillante attivit\u00e0 fotografica della donna, mentre il suo disagio \u00e8 percepibile nei lunghi sguardi e grandi silenzi che vive all&#8217;interno della sua famiglia. Questo appare nei flashbak che scorrono tra passato e presente. Sono messe a fuoco le figure dei sopravvissuti, vengono\u00a0inseguiti nella rivisitazione dei ricordi come nei loro freddi ambienti . Niente combacia, le verit\u00e0 celate non possono essere pi\u00f9 taciute.<br \/>\nLa Huppert interpreta superbamente i lati materni della donna, quando non scivola nel suo distacco che la rende irraggiungibile anche nei confronti del marito, provocando spaesamento e senso di abbandono . Il ricordo di Isabell suscita continuamente emozioni contraddittorie.<br \/>\nMa Trier sfoglia da diverse angolazioni la doppia vita di Isabell, posseduta dal desiderio di evasione e dalla passione lavorativa, ma incapace di reintegrarsi nella sua famiglia dopo quelle lunghe assenze. E&#8217; in questo complesso\u00a0territorio di confine mai dichiarato in vita , che sfocia il disagio della grande fotografa. Ma sar\u00e0 il confronto tra i superstiti, &#8220;pi\u00f9 forte di una bomba&#8221;, a preannunciare la quiete dopo la tempesta<\/p>\n<p>Paola Olivieri<\/p>\n<p>&nbsp;<\/p>\n<p>&nbsp;<\/p>\n<p>&nbsp;<\/p>\n","protected":false},"excerpt":{"rendered":"<p>SEGRETI DI FAMIGLIA 27\/06\/2016 Una mostra allestita a New York celebra la grande fotografa di guerra Isabell Reed ( Isabelle Huppert) drammaticamente scomparsa tre anni prima in un incidente d&#8217;auto proprio vicino casa. L&#8217;evento riunisce, ma non ricompatta, ci\u00f2 che resta di quel troppo silenzioso nucleo familiare su cui spirano&#8230;<\/p>\n<p class=\"continue-reading-button\"> <a class=\"continue-reading-link\" href=\"https:\/\/www.cinemaemusica.it\/cinemaemusica\/2016\/06\/27\/segreti-di-famigliajoachin-trier\/\">Continue reading<i class=\"crycon-right-dir\"><\/i><\/a><\/p>\n","protected":false},"author":2,"featured_media":0,"comment_status":"closed","ping_status":"closed","sticky":false,"template":"","format":"standard","meta":{"footnotes":""},"categories":[4],"tags":[],"class_list":["post-4624","post","type-post","status-publish","format-standard","hentry","category-film-in-uscita"],"_links":{"self":[{"href":"https:\/\/www.cinemaemusica.it\/cinemaemusica\/wp-json\/wp\/v2\/posts\/4624","targetHints":{"allow":["GET"]}}],"collection":[{"href":"https:\/\/www.cinemaemusica.it\/cinemaemusica\/wp-json\/wp\/v2\/posts"}],"about":[{"href":"https:\/\/www.cinemaemusica.it\/cinemaemusica\/wp-json\/wp\/v2\/types\/post"}],"author":[{"embeddable":true,"href":"https:\/\/www.cinemaemusica.it\/cinemaemusica\/wp-json\/wp\/v2\/users\/2"}],"replies":[{"embeddable":true,"href":"https:\/\/www.cinemaemusica.it\/cinemaemusica\/wp-json\/wp\/v2\/comments?post=4624"}],"version-history":[{"count":0,"href":"https:\/\/www.cinemaemusica.it\/cinemaemusica\/wp-json\/wp\/v2\/posts\/4624\/revisions"}],"wp:attachment":[{"href":"https:\/\/www.cinemaemusica.it\/cinemaemusica\/wp-json\/wp\/v2\/media?parent=4624"}],"wp:term":[{"taxonomy":"category","embeddable":true,"href":"https:\/\/www.cinemaemusica.it\/cinemaemusica\/wp-json\/wp\/v2\/categories?post=4624"},{"taxonomy":"post_tag","embeddable":true,"href":"https:\/\/www.cinemaemusica.it\/cinemaemusica\/wp-json\/wp\/v2\/tags?post=4624"}],"curies":[{"name":"wp","href":"https:\/\/api.w.org\/{rel}","templated":true}]}}