{"id":6589,"date":"2018-11-03T15:09:28","date_gmt":"2018-11-03T15:09:28","guid":{"rendered":"https:\/\/www.cinemaemusica.it\/cinemaemusica\/?p=6589"},"modified":"2018-11-03T15:09:28","modified_gmt":"2018-11-03T15:09:28","slug":"first-man-il-primo-uomo-di-damiel-chazelle","status":"publish","type":"post","link":"https:\/\/www.cinemaemusica.it\/cinemaemusica\/2018\/11\/03\/first-man-il-primo-uomo-di-damiel-chazelle\/","title":{"rendered":"FIRST MAN \u2013 IL PRIMO UOMO  Di DAMIEL CHAZELLE"},"content":{"rendered":"<p>FIRST MAN \u2013 IL PRIMO UOMO \u00a0Di DAMIEL CHAZELLE<\/p>\n<p>&nbsp;<\/p>\n<p>Tratto dal libro di James R.\u00a0 Hansen \u201cFirst Man: the life of Neil A. Armstrong,\u201d, il film \u201cFirst Man \u2013 Il Primo Uomo\u201d descrive a pieno il volto inedito e dettagliato della vita privata di questo eroe molto riservato, passato alla storia per avere messo per primo il piede sulla Luna.<\/p>\n<p><em>\u201cSpero che le persone lo vedano come un uomo che ha dovuto affrontare circostanze molti difficili\u201d<\/em> dice il figlio minore Mark Armstrong. <em>\u201cSi pretendeva molto da lui e lui si \u00e8 sforzato di fare la cosa giusta.\u00a0 Questo era sempre il suo mantra: prendere ogni situazione e trovare il modo giusto per affrontarla\u201d.\u00a0 <\/em><\/p>\n<p><em>\u201cEra una persona normale\u201d<\/em>, aggiunge il figlio maggiore Rick Armstrong.\u00a0 <em>\u201cColoro che lo vedevano soltanto nei notiziari forse non lo sapevano, ma era anche una persona molto divertente.\u00a0 Quando era \u00a0\u00a0in compagnia \u00a0\u00a0degli \u00a0\u00a0\u00a0amici era una persona completamente diversa rispetto alla sua immagine pubblica. E spero che il film lo faccia emergere<\/em>\u201d.<\/p>\n<p>E\u2019 logico che il taglio scelto dal regista Damien Chazelle sia quello realistico. capace di entrare con veridicit\u00e0 sia nelle missioni spaziali quanto nei drammi familiari dell\u2019astronauta. In queste difficili dinamiche erompe la grande forza di un uomo provato dal dolore per la prematura scomparsa di sua figlia ma capace di guardare al futuro dell\u2019umanit\u00e0 cercando di non fallire.<\/p>\n<p>Con una nuova prospettiva, il regista introduce il grande pubblico nella lunga preparazione di questa missione che ha cambiato la storia, facendo conoscere le difficolt\u00e0 di un addestramento spaziale, cos\u00ec come le percezioni sensoriali inconsuete e le reazioni emotive di un astronauta che dentro una capsula si trova a guardare un panorama di incommensurabile bellezza.<\/p>\n<p>Il film si apre con una successione di claustrofobiche immagini ove appare Armstrong dentro una navicella, travolto da folli rotazioni e improvvisi scoppi mentre cerca di ritornare sulla Terra dopo un primo tentativo di missione nello spazio. Le forti sonorit\u00e0 incrociano l\u2019adrenalina del pubblico, creando viscerale empatia con quella dell\u2019astronauta.<\/p>\n<p>Mentre il regista \u201centra\u201d insieme al pubblico nella navicella, rivela di Armstrong un meraviglioso ritratto umano, che include la figura della moglie, verso la quale, nonostante la nascita di un altro bambino, alza un muro a causa della morte della figlia Karen. \u00a0\u201cFirst Man\u201d \u00e8 dunque anche la storia di emozioni dolorose ed inespresse dei protagonisti, che si consumano nella solitudine. Ma \u00e8 anche un film sulla grande forza che scivola nella fragilit\u00e0, dentro un presente storico che appartiene a tutti noi.<\/p>\n<p>E\u2019 dalla prematura morte della figlia di Neil che inizia il film. Il dolore si cela dentro l\u2019ossessiva caparbiet\u00e0 di far decollare il grande progetto americano, fatto di voli, atterraggi e lutti, mentre incombono le contestazioni dell\u2019opinione pubblica per gli elevati i costi.<\/p>\n<p>Condivido pienamente le affermazioni del critico cinematografico Paolo Mereghetti quando dice che <em>\u201cChazelle vuole mostrare come Armstrong sa restare un uomo, non come diventa un eroe<\/em>\u201d (\u201c\u2019First Man \u2013 Il primo uomo\u2019. Il film da vedere secondo Paolo Mereghetti\u201d, 31 ottobre 2018, www.iodonna.it, Corriere della Sera). Tutto questo \u00e8 confermato dalla scena finale del film, quando vediamo Armstrong commosso muovere i passi sulla Luna, grande passo per l\u2019umanit\u00e0 e sentiero di pacificazione del proprio lutto, verso speriamo in una nuova vita.<\/p>\n<p><strong>Paola Olivieri<\/strong><\/p>\n<p>&nbsp;<\/p>\n<p>&nbsp;<\/p>\n<p>&nbsp;<\/p>\n<p>&nbsp;<\/p>\n","protected":false},"excerpt":{"rendered":"<p>FIRST MAN \u2013 IL PRIMO UOMO \u00a0Di DAMIEL CHAZELLE &nbsp; Tratto dal libro di James R.\u00a0 Hansen \u201cFirst Man: the life of Neil A. Armstrong,\u201d, il film \u201cFirst Man \u2013 Il Primo Uomo\u201d descrive a pieno il volto inedito e dettagliato della vita privata di questo eroe molto riservato, passato&#8230;<\/p>\n<p class=\"continue-reading-button\"> <a class=\"continue-reading-link\" href=\"https:\/\/www.cinemaemusica.it\/cinemaemusica\/2018\/11\/03\/first-man-il-primo-uomo-di-damiel-chazelle\/\">Continue reading<i class=\"crycon-right-dir\"><\/i><\/a><\/p>\n","protected":false},"author":2,"featured_media":0,"comment_status":"closed","ping_status":"closed","sticky":false,"template":"","format":"standard","meta":{"footnotes":""},"categories":[4,1],"tags":[],"class_list":["post-6589","post","type-post","status-publish","format-standard","hentry","category-film-in-uscita","category-news"],"_links":{"self":[{"href":"https:\/\/www.cinemaemusica.it\/cinemaemusica\/wp-json\/wp\/v2\/posts\/6589","targetHints":{"allow":["GET"]}}],"collection":[{"href":"https:\/\/www.cinemaemusica.it\/cinemaemusica\/wp-json\/wp\/v2\/posts"}],"about":[{"href":"https:\/\/www.cinemaemusica.it\/cinemaemusica\/wp-json\/wp\/v2\/types\/post"}],"author":[{"embeddable":true,"href":"https:\/\/www.cinemaemusica.it\/cinemaemusica\/wp-json\/wp\/v2\/users\/2"}],"replies":[{"embeddable":true,"href":"https:\/\/www.cinemaemusica.it\/cinemaemusica\/wp-json\/wp\/v2\/comments?post=6589"}],"version-history":[{"count":0,"href":"https:\/\/www.cinemaemusica.it\/cinemaemusica\/wp-json\/wp\/v2\/posts\/6589\/revisions"}],"wp:attachment":[{"href":"https:\/\/www.cinemaemusica.it\/cinemaemusica\/wp-json\/wp\/v2\/media?parent=6589"}],"wp:term":[{"taxonomy":"category","embeddable":true,"href":"https:\/\/www.cinemaemusica.it\/cinemaemusica\/wp-json\/wp\/v2\/categories?post=6589"},{"taxonomy":"post_tag","embeddable":true,"href":"https:\/\/www.cinemaemusica.it\/cinemaemusica\/wp-json\/wp\/v2\/tags?post=6589"}],"curies":[{"name":"wp","href":"https:\/\/api.w.org\/{rel}","templated":true}]}}