{"id":7214,"date":"2019-03-21T14:49:53","date_gmt":"2019-03-21T14:49:53","guid":{"rendered":"https:\/\/www.cinemaemusica.it\/cinemaemusica\/?p=7214"},"modified":"2019-03-21T14:49:53","modified_gmt":"2019-03-21T14:49:53","slug":"torino-jazz-festival-in-arrivo-joshua-redmankyle-eastwood-peter-evans-e-lorenzo-levy","status":"publish","type":"post","link":"https:\/\/www.cinemaemusica.it\/cinemaemusica\/2019\/03\/21\/torino-jazz-festival-in-arrivo-joshua-redmankyle-eastwood-peter-evans-e-lorenzo-levy\/","title":{"rendered":"TORINO JAZZ FESTIVAL: IN ARRIVO JOSHUA REDMAN,KYLE EASTWOOD, PETER EVANS E LORENZO LEVY"},"content":{"rendered":"<p>Torino Jazz Festival \u00a0diretto da Diego Borotti e \u00a0Giorgio Li Calzi \u00e8 giunto alla settima edizione ,si svolger\u00e0 dal 26 aprile al 4 maggio: \u00e8 un\u00a0 crocevia di \u00a0artisti internazionale come \u00a0Gavin Bryars, Jon Balke Siwan ed Enrico Rava gi\u00e0\u00a0 precedentemente annunciati.<\/p>\n<p>Il 30 aprile si esibir\u00e0 il grande sassofonista Joshua Redman con il suo Trio.\u00a0 E&#8217; tra gli artisti jazz\u00a0 uno dei pi\u00f9\u00a0 acclamati , figlio d&#8217;arte\u00a0 dell\u2019indimenticabile sassofonista Dewey Redman. La carriera\u00a0 del giovane e colto\u00a0 Joshua \u00e8 da sempre\u00a0 costellata da successi :\u00a0 addirittura nella sua prima band c\u2019era addirittura il giovane \u00a0Brad Mehldau e Brian Blade . Joshua Redman ha ricevuto \u00a0nomination per i Grammy.<\/p>\n<p>Sar\u00e0 presente anche il contrabbassista Kyle Eastwood ( figlio del regista Clint Eastwood), con ospite Stefano Di Battista insieme al pianista Fabio Gorlier e al batterista Alessandro Minetto nel concerto \u2018Gran Torino\u2019, i(3 maggio, OGR &#8211; produzione originale TJF 2019). Il titolo del concerto, Gran Torino omaggia la \u00a0capitale del Piemonte ed essendo un intreccio tra cinema e musica \u00a0riprende la colonna sonora della omonima pellicola del 2008.<\/p>\n<p>Mentre il giovane trombettista, improvvisatore e compositore newyorkese Peter Evans sar\u00e0 accompagnato o dal percussionista Levy Lorenzo (27 aprile &#8211; FolkClub). Questa coppia artistica (formatasi nel 2016) ha all\u2019attivo attivit\u00e0 live e\u00a0 sala d\u2019incisione (\u201cQ\u201d, del 2018).<\/p>\n<p>a cura della Redazione<\/p>\n<p>&nbsp;<\/p>\n","protected":false},"excerpt":{"rendered":"<p>Torino Jazz Festival \u00a0diretto da Diego Borotti e \u00a0Giorgio Li Calzi \u00e8 giunto alla settima edizione ,si svolger\u00e0 dal 26 aprile al 4 maggio: \u00e8 un\u00a0 crocevia di \u00a0artisti internazionale come \u00a0Gavin Bryars, Jon Balke Siwan ed Enrico Rava gi\u00e0\u00a0 precedentemente annunciati. Il 30 aprile si esibir\u00e0 il grande sassofonista&#8230;<\/p>\n<p class=\"continue-reading-button\"> <a class=\"continue-reading-link\" href=\"https:\/\/www.cinemaemusica.it\/cinemaemusica\/2019\/03\/21\/torino-jazz-festival-in-arrivo-joshua-redmankyle-eastwood-peter-evans-e-lorenzo-levy\/\">Continue reading<i class=\"crycon-right-dir\"><\/i><\/a><\/p>\n","protected":false},"author":2,"featured_media":0,"comment_status":"closed","ping_status":"closed","sticky":false,"template":"","format":"standard","meta":{"footnotes":""},"categories":[1,19],"tags":[],"class_list":["post-7214","post","type-post","status-publish","format-standard","hentry","category-news","category-torino-news"],"_links":{"self":[{"href":"https:\/\/www.cinemaemusica.it\/cinemaemusica\/wp-json\/wp\/v2\/posts\/7214","targetHints":{"allow":["GET"]}}],"collection":[{"href":"https:\/\/www.cinemaemusica.it\/cinemaemusica\/wp-json\/wp\/v2\/posts"}],"about":[{"href":"https:\/\/www.cinemaemusica.it\/cinemaemusica\/wp-json\/wp\/v2\/types\/post"}],"author":[{"embeddable":true,"href":"https:\/\/www.cinemaemusica.it\/cinemaemusica\/wp-json\/wp\/v2\/users\/2"}],"replies":[{"embeddable":true,"href":"https:\/\/www.cinemaemusica.it\/cinemaemusica\/wp-json\/wp\/v2\/comments?post=7214"}],"version-history":[{"count":0,"href":"https:\/\/www.cinemaemusica.it\/cinemaemusica\/wp-json\/wp\/v2\/posts\/7214\/revisions"}],"wp:attachment":[{"href":"https:\/\/www.cinemaemusica.it\/cinemaemusica\/wp-json\/wp\/v2\/media?parent=7214"}],"wp:term":[{"taxonomy":"category","embeddable":true,"href":"https:\/\/www.cinemaemusica.it\/cinemaemusica\/wp-json\/wp\/v2\/categories?post=7214"},{"taxonomy":"post_tag","embeddable":true,"href":"https:\/\/www.cinemaemusica.it\/cinemaemusica\/wp-json\/wp\/v2\/tags?post=7214"}],"curies":[{"name":"wp","href":"https:\/\/api.w.org\/{rel}","templated":true}]}}