{"id":7285,"date":"2019-04-05T19:35:55","date_gmt":"2019-04-05T19:35:55","guid":{"rendered":"https:\/\/www.cinemaemusica.it\/cinemaemusica\/?p=7285"},"modified":"2023-01-13T14:47:48","modified_gmt":"2023-01-13T14:47:48","slug":"il-primo-re-regia-di-matteo-rovere","status":"publish","type":"post","link":"https:\/\/www.cinemaemusica.it\/cinemaemusica\/2019\/04\/05\/il-primo-re-regia-di-matteo-rovere\/","title":{"rendered":"&#8220;Il PRIMO RE&#8221; REGIA DI MATTEO ROVERE"},"content":{"rendered":"\n<p>La visione di \u201c &nbsp;ll primo re \u201c firmato dal giovane regista &nbsp;Matteo Rovere \u00e8 stata una grande sorpresa perch\u00e9 coraggiosa con esiti magnifici \u00e8 stata &nbsp;la scelta di raccontare&nbsp; il mito fondativo dell\u2019impero romano pervenuto&nbsp; molto tempo dopo da Livio e Plutarco.<\/p>\n\n\n\n<p>\u201cGli autori hanno &nbsp;&nbsp;approfondito &nbsp;la narrazione del mito &nbsp;\u201c ,&nbsp; tentando&nbsp; di&nbsp; interrogarla,&nbsp; cercando&nbsp; gli&nbsp; elementi&nbsp; maggiormente&nbsp; ricorrenti:&nbsp; due&nbsp; fratelli&nbsp; gemelli,&nbsp; Albalonga,&nbsp; un&nbsp; tradimento,&nbsp; un&nbsp; cerchio&nbsp; sacro,&nbsp; un&nbsp; segno&nbsp; degli&nbsp; dei.&nbsp; continua&nbsp; Matteo Rovere &nbsp;\u201cci ha ricondotto a un dilemma primario, viscerale: cosa prediligere nella vita, la sopravvivenza del nostro gemello, ovvero&nbsp; della &nbsp;parte&nbsp; pi\u00f9&nbsp; intima&nbsp; di&nbsp; noi,&nbsp; o&nbsp; la&nbsp; sottomissione&nbsp; a&nbsp; un&nbsp; potere&nbsp; pi\u00f9&nbsp; grande,&nbsp; poich\u00e9&nbsp; non&nbsp; tutto ci \u00e8 dato di sapere? Le nostre vite ci appartengono fino in fondo?<\/p>\n\n\n\n<p>Da queste domande nasce un film&nbsp; realista e &nbsp;suggestivo, pulsante&nbsp; di una certa contemporaneit\u00e0&nbsp; che affonda &nbsp;su una narrazione&nbsp; complessa colma di&nbsp; &nbsp;simboli&nbsp; e&nbsp; significati ove ritrovarsi e confrontarsi attraverso le figure dei due gemelli.La leggenda ci ricorda &nbsp;che Romolo uccise Remo e fond\u00f2 una citt\u00e0 : sul sangue sul dolore nascer\u00e0&nbsp; una stirpe che conquister\u00e0 la penisola fino ad arrivare ad assoggettare il mondo allora conosciuto . Nelle prime immagini&nbsp; vediamo Romolo (Alessio Lapice) e Remo (Alessandro Borghi)&nbsp;&nbsp; che vivono&nbsp; allevando il bestiame vicino ad un fiume , travolti improvvisamente da una &nbsp;violenta esondazione&nbsp; i due&nbsp;&nbsp; si cercheranno disperatamente &nbsp;anche sott\u2019acqua &nbsp;fino a che &nbsp;stanchi e stremati cadranno nella mani dei crudeli guerrieri di Alba Longa .<\/p>\n\n\n\n<p>Fustigati e legati dai loro carcerieri &nbsp;sono&nbsp; costretti &nbsp;ad assistere alla visione di lotte tra &nbsp;prigionieri &nbsp;nelle quali il perdente viene dato alle fiamme mentre &nbsp;una vestale &nbsp;(Tania Garibba),assiste impassibile &nbsp;al volere degli Dei . Romolo e &nbsp;Remo &nbsp;costretti a sfidarsi tenderanno una trappola ai guerrieri di Alba Longa &nbsp;: il loro &nbsp;sanguinoso combattimento sfocer\u00e0 in una astuta rivolta capace di liberare anche gli&nbsp; altri uomini .<\/p>\n\n\n\n<p>E\u2019 dopo questa impresa che inizia l\u2019epico epico viaggio sfidando la selva oscura e le ire degli dei &nbsp;con al seguito una truppa scampata ed la vestale &nbsp;Satnei &nbsp;che custodisce gelosamente il fuoco sacro.<\/p>\n\n\n\n<p>.<\/p>\n\n\n\n<p>Sar\u00e0 &nbsp;dentro questo suggestivo viaggio che conduce alle sponde del Tevere&nbsp; , le cui immagini risvegliano paure ancestrali che Remo &nbsp;si impone come &nbsp;capobranco : \u00e8 l\u2019unico che osa &nbsp;cacciare la notte ,al centro &nbsp;di sanguinosi &nbsp;&nbsp;dinamiche di potere nelle quali &nbsp;&nbsp;protegger\u00e0 con la violenza inaudita &nbsp;la sopravvivenza del gemello moribondo &nbsp;sentito da lui come parte di se.<\/p>\n\n\n\n<p>Remo si far\u00e0 sempre pi\u00f9 feroce con i nemici , conquister\u00e0 villaggi nei quali si insedier\u00e0 :ha costruito sulla paura degli altri guerrieri una scala piramidale di &nbsp;potere con lui in cima ma sar\u00e0 , il responso degli aruspici di Satnea &nbsp;scatener\u00e0 le ire di Remo mettendo in crisi legame fraterno.&nbsp; \u201cDei due ne rester\u00e0 solo uno\u201d.<\/p>\n\n\n\n<p>Quel &nbsp;legame fraterno cos\u00ec inossidabile inizia a sfaldarsi : &nbsp;l\u2019individualismo &nbsp;e la brutalit\u00e0 di Remo&nbsp; si scontra con la devozione di Romolo &nbsp;che volge il suo sguardo ad un futuro &nbsp;chiamato Roma.<\/p>\n","protected":false},"excerpt":{"rendered":"<p>La visione di \u201c &nbsp;ll primo re \u201c firmato dal giovane regista &nbsp;Matteo Rovere \u00e8 stata una grande sorpresa perch\u00e9 coraggiosa con esiti magnifici \u00e8 stata &nbsp;la scelta di raccontare&nbsp; il mito fondativo dell\u2019impero romano pervenuto&nbsp; molto tempo dopo da Livio e Plutarco. \u201cGli autori hanno &nbsp;&nbsp;approfondito &nbsp;la narrazione del&#8230;<\/p>\n<p class=\"continue-reading-button\"> <a class=\"continue-reading-link\" href=\"https:\/\/www.cinemaemusica.it\/cinemaemusica\/2019\/04\/05\/il-primo-re-regia-di-matteo-rovere\/\">Continue reading<i class=\"crycon-right-dir\"><\/i><\/a><\/p>\n","protected":false},"author":2,"featured_media":0,"comment_status":"closed","ping_status":"closed","sticky":false,"template":"","format":"standard","meta":{"footnotes":""},"categories":[4,1],"tags":[],"class_list":["post-7285","post","type-post","status-publish","format-standard","hentry","category-film-in-uscita","category-news"],"_links":{"self":[{"href":"https:\/\/www.cinemaemusica.it\/cinemaemusica\/wp-json\/wp\/v2\/posts\/7285","targetHints":{"allow":["GET"]}}],"collection":[{"href":"https:\/\/www.cinemaemusica.it\/cinemaemusica\/wp-json\/wp\/v2\/posts"}],"about":[{"href":"https:\/\/www.cinemaemusica.it\/cinemaemusica\/wp-json\/wp\/v2\/types\/post"}],"author":[{"embeddable":true,"href":"https:\/\/www.cinemaemusica.it\/cinemaemusica\/wp-json\/wp\/v2\/users\/2"}],"replies":[{"embeddable":true,"href":"https:\/\/www.cinemaemusica.it\/cinemaemusica\/wp-json\/wp\/v2\/comments?post=7285"}],"version-history":[{"count":0,"href":"https:\/\/www.cinemaemusica.it\/cinemaemusica\/wp-json\/wp\/v2\/posts\/7285\/revisions"}],"wp:attachment":[{"href":"https:\/\/www.cinemaemusica.it\/cinemaemusica\/wp-json\/wp\/v2\/media?parent=7285"}],"wp:term":[{"taxonomy":"category","embeddable":true,"href":"https:\/\/www.cinemaemusica.it\/cinemaemusica\/wp-json\/wp\/v2\/categories?post=7285"},{"taxonomy":"post_tag","embeddable":true,"href":"https:\/\/www.cinemaemusica.it\/cinemaemusica\/wp-json\/wp\/v2\/tags?post=7285"}],"curies":[{"name":"wp","href":"https:\/\/api.w.org\/{rel}","templated":true}]}}